{"id":1928,"date":"2021-11-22T00:26:08","date_gmt":"2021-11-21T23:26:08","guid":{"rendered":"https:\/\/www.dpin.de\/nf\/?p=1928"},"modified":"2022-01-07T14:50:59","modified_gmt":"2022-01-07T13:50:59","slug":"diktatur-der-unvernunft-es-reicht-impfung-jetzt","status":"publish","type":"post","link":"https:\/\/www.dpin.de\/nf\/diktatur-der-unvernunft-es-reicht-impfung-jetzt\/","title":{"rendered":"Diktatur der Unvernunft, es reicht! Impfung, jetzt!"},"content":{"rendered":"<p>Die Tage habe ich im <a href=\"https:\/\/www.spiegel.de\/ausland\/wien-zehntausende-gehen-gegen-lockdown-auf-die-strasse-a-0e23ea2f-8f84-400c-b846-25db59ade63b\" target=\"_blank\" rel=\"noopener\">Spiegel<\/a> folgenden Anrisstext gesehen:<\/p>\n<blockquote><p>In \u00d6sterreich haben zahlreiche Menschen gegen die neuen Coronama\u00dfnahmen der Regierung protestiert. Impfgegner hatten zuvor gewarnt, der Staat w\u00fcrde aus Hubschraubern und Kanaldeckeln Geheimimpfungen verabreichen.<\/p><\/blockquote>\n<p>Es reicht. Wirklich. Ich habe langsam null Verst\u00e4ndnis oder Toleranz mehr f\u00fcr Menschen, die solchen ausgemachten Mist verbreiten! Leider f\u00e4llt das offenbar auch auf seltsam fruchtbaren Boden, d.h. es gibt viele, zu viele Menschen, die solch einen ausgemachten Bl\u00f6dsinn glauben und entsprechend beginnen zu handeln &#8211; mit Aufbegehren gegen den Staat und Gewalt gegen Andersdenkende.<\/p>\n<p>Das ist ja alles noch halbwegs in Ordnung, solange man sich Toleranz gegen\u00fcber solchem Unsinn auch leisten kann, solange es keine Auswirkungen auf Dritte hat. Jeder Mensch hat das Recht, f\u00fcr sich selbst auch unver\u00fcnftige Entscheidungen zu treffen. Diese Freiheit des Einzelnen h\u00f6rt aber schlagartig dort auf, wo sie die Freiheit anderer einschr\u00e4nkt. Und das ist genau hier der Fall. Indem sich ein paar Freidreher die Freiheit herausnehmen, unvern\u00fcnftig zu handeln, aber zugleich auch diesen unvern\u00fcnftigen Bl\u00f6dsinn verteilen, der dann in den unsozialen Medien auch noch multipliziert und verst\u00e4rkt wird, indem sie dies tun, gef\u00e4hrden sie nun massiv Freiheit und das schiere Leben aller! Das kann nicht l\u00e4nger toleriert werden, tut mir schrecklich leid.<\/p>\n<p>Wir sind im zweiten f*cking Jahr dieser besch*ssenen Pandemie und weil ein paar Hirnpf\u00fcrzler die Leute geck machen, haben wir eine dramatisch geringe Impfquote!<\/p>\n<p>Leute, wacht auf! Es gibt zwei Wege aus dieser Pandemie:<\/p>\n<ol>\n<li>Impfung, Impfung, Impfung<\/li>\n<li>Dramatische Infektionszahlen mit noch viel dramatischeren Todeszahlen, bis die gesamte Bev\u00f6lkerung einmal durchseucht ist.<\/li>\n<\/ol>\n<p>Der einzige Weg, dass die Gef\u00e4hrlichkeit dieses Virus in der Bev\u00f6lkerung nachl\u00e4sst ist, dass alle Menschen eine Immunreaktion haben &#8211; entweder durch eine Impfung oder durch eine Ansteckung. Das Risiko f\u00fcr einen schweren Verlauf durch Ansteckung bei Ungeimpften ist um ein VIELFACHES h\u00f6her, als bei Geimpften. Wir sehen dies gerade auch wieder in den Kliniken, in denen nur eine verschwindende Minderheit der schweren F\u00e4lle Geimpfte sind.<\/p>\n<p>Die Ungeimpften sind die Pandemietreiber. Sie sind die, die die gesamte Bev\u00f6lkerung in Sippenhaft nehmen, f\u00fcr ihr unvern\u00fcnftiges Verhalten. Nur wegen Ungeimpften m\u00fcssen wir schon wieder Einschr\u00e4nkungen hinnehmen.<\/p>\n<p>Um es noch einmal ganz klar zu sagen: Ungeimpfte sind eindeutig die Hauptschuldigen an der aktuellen Lage und den neuen Einschr\u00e4nkungen.<\/p>\n<p>Ich habe daf\u00fcr null Verst\u00e4ndnis und auch null Toleranz mehr. Wer sich impfen lassen kann, d.h. bei denen keine gesundheitlichen Gr\u00fcnde dagegen sprechen, und das sind nur wenige, muss dies auch f*cking nochmal tun! Jetzt! Und f\u00fcr die, die sich ohne rationalen Grund nach wie vor verweigern, f\u00fcr genau die muss es dann auch krasse Einschr\u00e4nkungen geben. Nicht zum Schutz der Restbev\u00f6lkerung vor Ansteckung, sondern zum Schutz des Gesundheitssystems, welches _alle_ versorgt und versorgen muss, Geimpfte und Ungeimpfte gleicherma\u00dfen.<\/p>\n<p>Es ist nicht hinzunehmen, dass mutwillig und in diesem Sinne auch fahrl\u00e4ssig die Gesundheitsversorgung der gesamten Bev\u00f6lkerung gef\u00e4hrdet wird. Wenn Covidioten die Intensivstationen verstopfen, dann betrifft uns das alle, egal ob geimpft oder nicht. Denn dann m\u00fcssen planbare Versorgungen wie OPs etc. verschoben werden, ggf. dann unter Vergr\u00f6\u00dferung des Risikos f\u00fcr diese Patient*innen. Unplanbare nicht-Covid Notf\u00e4lle k\u00f6nnen nur noch schlechter oder deutlich sp\u00e4ter behandelt werden, vielleicht zu sp\u00e4t. Bei akuten Probleme wie Herzinfarkt oder Schlaganfall z\u00e4hlt buchst\u00e4blich jede Minute. Muss dann ein Rettungswagen eine Stunde im Kreis fahren, um einen Platz f\u00fcr die Patient*in zu finden, dann kann es bereits zu sp\u00e4t sein oder die Folgen deutlich schlimmer als n\u00f6tig.<\/p>\n<p>Um es noch krasser zu sagen, es steht jedem frei, sich nicht impfen zu lassen. Doch dann geht bitte irgendwohin in Isolation alleine sterben und macht nicht uns anderen das (\u00dcber-)Leben schwer.<\/p>\n<p>Das unser Staat gerade schon wieder die Impfungen verk*ckt, ist ein anderes Problem, was mindestens genauso zum Aufregen ist. Aber Impfverweigerer sind gerade die absolut gr\u00f6\u00dfte Gefahr und das Geschwurbel von den Querlenkern ist nicht mehr zu ertragen &#8211; Geheimimpfung aus der Kanalisation!? Geht&#8217;s noch!? Man man man. (Und mal ehrlich, wenn man Impfstoff einfach ins Trinkwasser tun k\u00f6nnte, ich w\u00e4re auch daf\u00fcr, doch das ist so weit weg von der Realit\u00e4t, dass sich jede Diskussion darum verbietet, Zeit- und Energieverschwendung)<\/p>\n<p>Ich hatte mich bereits vor Wochen f\u00fcr eine Impfpflicht mindestens f\u00fcr alle diejenigen ausgesprochen, die in direktem Kontakt mit vielen Menschen stehen, insbesondere Pflegepersonal. Jetzt endlich kommt dies auf die Tagesordnung der Politik. Nur bis es beschlossen wird, ist es bereits viel zu sp\u00e4t, das h\u00e4tte man vor Wochen, wenn nicht schon vor Monaten tun m\u00fcssen. Wenn sich das im Rest der Bev\u00f6lkerung nicht <em>sehr<\/em> bald von alleine \u00e4ndert, bin ich auch absolut f\u00fcr eine allgemeine Impfpflicht, Ende der Diskussion. Auch dies muss so schnell wie m\u00f6glich passieren, nicht erst im Februar 2022, was zur H\u00f6lle!?<\/p>\n<p>Die Zahlen an Infizierten, die wir jetzt sehen, werden erst in einigen Wochen voll auf die Kliniken und dann auf die Sterberaten durchschlagen. Auch wenn wir jetzt voll durchimpfen w\u00fcrden, w\u00fcrden die Effekte davon erst in einigen Wochen sp\u00fcrbar. Starten wir damit erst im Februar, dann wird das entsprechend noch sp\u00e4ter und die Sterberate entsprechend. Auf Basis der Zahlen des RKI haben wir aktuell eine Sterblichkeit von ca. 0,7% &#8211; gemessen an den Infizierten! Bei einer Infektionslage von 50.000 und mehr _pro_Tag_ bedeutet das, dass wir in ein paar Wochen _pro_Tag_ um die 400 Corona Toten sehen werden &#8211; und daran ist heute nichts mehr zu \u00e4ndern, diese werden sterben, egal was wir heute oder morgen oder in der Zukunft beschlie\u00dfen. Und die allermeisten dieser 400 Toten werden ungeimpfte Menschen sein. Auch das ist Stand heute unausweichlich und sicher.<\/p>\n<p>Ja, auch die Impfung ist nicht Risiko frei. Ich habe gerade jemanden getroffen dessen (\u00e4ltere) Mutter leider an einer sehr seltenen Nebenwirkung verstorben ist. Das ist, ohne Frage, nat\u00fcrlich schrecklich und sehr tragisch. Da will man sich sch\u00fctzen und der Versuch endet t\u00f6dlich. Doch solcherlei Nebenwirkugen, die nicht ausgeschlossen werden k\u00f6nnen, sind extrem selten. Viel <em>viel<\/em> seltener, als die Wahrscheinlichkeit f\u00fcr einen schweren und mitunter ebenso t\u00f6dlichen Verlauf einer Ansteckung. In der aktuellen Lage ist es auch kaum noch m\u00f6glich, sich sicher einer Ansteckung zu entziehen, au\u00dfer man isoliert sich selbst total, doch wer macht das?<\/p>\n<p>Also ist doch die Frage: Ansteckung mit recht hohem Risiko f\u00fcr einen schweren Verlauf und ggf. sogar Tod oder Impfung mit sehr geringer Wahrscheinlichkeit schwerer Nebenwirkungen? Jedem halbwegs Vernunft begabtem Menschen sollte die Antwort darauf und die daraus folgende Maxime klipp und klar sein: Impfung. Jetzt. Schnell. Und f\u00fcr die, die bereits geimpft sind, Booster nach sechs Monaten.<\/p>\n","protected":false},"excerpt":{"rendered":"<p>Die Tage habe ich im Spiegel folgenden Anrisstext gesehen: In \u00d6sterreich haben zahlreiche Menschen gegen die neuen Coronama\u00dfnahmen der Regierung protestiert. Impfgegner hatten zuvor gewarnt, der Staat w\u00fcrde aus Hubschraubern und Kanaldeckeln Geheimimpfungen verabreichen. Es reicht. Wirklich. Ich habe langsam null Verst\u00e4ndnis oder Toleranz mehr f\u00fcr Menschen, die solchen ausgemachten Mist verbreiten! Leider f\u00e4llt das offenbar auch auf seltsam fruchtbaren&#8230; <a href=\"https:\/\/www.dpin.de\/nf\/diktatur-der-unvernunft-es-reicht-impfung-jetzt\/\">Read more &raquo;<\/a><\/p>\n","protected":false},"author":1,"featured_media":0,"comment_status":"closed","ping_status":"closed","sticky":false,"template":"","format":"standard","meta":{"footnotes":""},"categories":[1,4],"tags":[],"class_list":["post-1928","post","type-post","status-publish","format-standard","hentry","category-allgemein","category-politik-gesellschaft"],"_links":{"self":[{"href":"https:\/\/www.dpin.de\/nf\/wp-json\/wp\/v2\/posts\/1928","targetHints":{"allow":["GET"]}}],"collection":[{"href":"https:\/\/www.dpin.de\/nf\/wp-json\/wp\/v2\/posts"}],"about":[{"href":"https:\/\/www.dpin.de\/nf\/wp-json\/wp\/v2\/types\/post"}],"author":[{"embeddable":true,"href":"https:\/\/www.dpin.de\/nf\/wp-json\/wp\/v2\/users\/1"}],"replies":[{"embeddable":true,"href":"https:\/\/www.dpin.de\/nf\/wp-json\/wp\/v2\/comments?post=1928"}],"version-history":[{"count":3,"href":"https:\/\/www.dpin.de\/nf\/wp-json\/wp\/v2\/posts\/1928\/revisions"}],"predecessor-version":[{"id":1934,"href":"https:\/\/www.dpin.de\/nf\/wp-json\/wp\/v2\/posts\/1928\/revisions\/1934"}],"wp:attachment":[{"href":"https:\/\/www.dpin.de\/nf\/wp-json\/wp\/v2\/media?parent=1928"}],"wp:term":[{"taxonomy":"category","embeddable":true,"href":"https:\/\/www.dpin.de\/nf\/wp-json\/wp\/v2\/categories?post=1928"},{"taxonomy":"post_tag","embeddable":true,"href":"https:\/\/www.dpin.de\/nf\/wp-json\/wp\/v2\/tags?post=1928"}],"curies":[{"name":"wp","href":"https:\/\/api.w.org\/{rel}","templated":true}]}}