{"id":1950,"date":"2022-01-23T20:03:37","date_gmt":"2022-01-23T19:03:37","guid":{"rendered":"https:\/\/www.dpin.de\/nf\/?p=1950"},"modified":"2022-07-01T12:46:11","modified_gmt":"2022-07-01T10:46:11","slug":"beschwerde-gegen-zeitschrift-emma","status":"publish","type":"post","link":"https:\/\/www.dpin.de\/nf\/beschwerde-gegen-zeitschrift-emma\/","title":{"rendered":"Beschwerde gegen Zeitschrift &#8222;Emma&#8220;"},"content":{"rendered":"<p>Das die Zeitschrift &#8222;<a href=\"https:\/\/de.wikipedia.org\/wiki\/Emma_(Zeitschrift)\" target=\"_blank\" rel=\"noopener\">Emma<\/a>&#8222;, unter der F\u00fchrung von <a href=\"https:\/\/de.wikipedia.org\/wiki\/Alice_Schwarzer\" target=\"_blank\" rel=\"noopener\">Alice Schwarzer<\/a>, schon l\u00e4nger eher fragw\u00fcrdige Ansichten zum Thema Trans* vertritt, ist nichts Neues. Aktuell zeigt sie aber ihre h\u00e4ssliche und menschenverachtende Fratze auf besonders widerliche Art und Weise. In einem <a href=\"https:\/\/www.emma.de\/artikel\/markus-ganserer-die-quotenfrau-339185\" target=\"_blank\" rel=\"noopener\">Artikel<\/a> hetzt die &#8222;Emma&#8220; auf besonders abscheuliche Weise gegen die <a href=\"https:\/\/www.bundestag.de\/abgeordnete#url=L2FiZ2VvcmRuZXRlL2Jpb2dyYWZpZW4vRy9nYW5zZXJlcl90ZXNzYS04NjAzMzY=&amp;mod=mod862712&amp;dir=ltr\" target=\"_blank\" rel=\"noopener\">Bundestagsabgeordnete Frau Tassa Ganserer<\/a>.<\/p>\n<p>Ich habe mich heute deshalb mit einer Beschwerde an den <a href=\"https:\/\/www.presserat.de\/beschwerde.html\" target=\"_blank\" rel=\"noopener\">Deutschen Presserat<\/a> sowie die <a href=\"https:\/\/www.medienanstalt-nrw.de\/zum-nachlesen\/recht-und-aufsicht\/beschwerde.html\" target=\"_blank\" rel=\"noopener\">Landesmedienanstalt Nordrhein Westfalen<\/a> gewandt, meinen Beschwerdetext habe ich untern angef\u00fcgt. Die Art der Verunglimpfung von trans* Menschen im Allgemeinen und trans* Frauen im Besonderen nimmt aktuell zu und bereitet mir gro\u00dfe Sorgen. Wir werden zunehmend zum Feindbild rechtsnationaler Populist*innen. Diesen Tendenzen m\u00fcssen wir uns unbedingt entgegenstellen! Je fr\u00fcher desto besser und wo immer wir diesen menschenverachtenden Ansichten begegnen.<\/p>\n<blockquote><p>Sehr geehrte*,<\/p>\n<p>hiermit m\u00f6chte ich Beschwerde \u00fcber eine Ver\u00f6ffentlichung der<br \/>\nZeitschrift &#8222;Emma&#8220; auf deren Internet Seite einreichen. Konkret geht es<br \/>\num den unter [1] genannten Artikel &#8222;Ganserer: Die Quotenfrau&#8220; vom 19.<br \/>\nJanuar 2022, von dem ich auch zur Beweissicherung ein PDF angef\u00fcgt<br \/>\nhabe, abgerufen am 23. Januar 2022.<\/p>\n<p>Ich richte die Beschwerde hiermit an den Deutschen Presserat sowie an<br \/>\ndie Landesmedienanstalt Nordrhein-Westfalen, da sich die Redaktion der<br \/>\nZeitschrift &#8222;Emma&#8220; in K\u00f6ln befindet.<\/p>\n<p>Der durch die Zeitschrift &#8222;Emma&#8220; ver\u00f6ffentlichte Artikel verst\u00f6\u00dft<br \/>\nmeiner Auffassung nach in mehreren Punkten gegen den Pressekodex:<\/p>\n<p>Ziffer 8 &#8222;SCHUTZ DER PERS\u00d6NLICHKEIT&#8220;<br \/>\n&#8222;Die Presse achtet das Privatleben des Menschen und seine<br \/>\ninformationelle Selbstbestimmung.&#8220;<\/p>\n<p>Frau Ganserer tritt seit Jahren \u00f6ffentlich nur und ausschlie\u00dflich als<br \/>\nFrau und als &#8222;Frau Tessa Ganserer&#8220; auf, wie dies auch die<br \/>\nAbgeordneteninformationen des Deutschen Bundestages belegen [3]. Dies<br \/>\nist damit offenbar ihr Wille und damit Teil ihrer informationellen<br \/>\nSelbstbestimmung. Die Zeitschrift &#8222;Emma&#8220; setzt sich ganz bewusst<br \/>\ndar\u00fcber hinweg und auch noch in einer Art und Weise, die nicht darauf<br \/>\nausgerichtet ist zu informieren, sondern zu verunglimpfen. Das benennen<br \/>\ndes abgelegten Vornamens und vor allem das konsequente Verwenden des<br \/>\nfalschen Pronomens hat keinen f\u00fcr den Text relevanten<br \/>\nInformationsgehalt, sondern hat nur ein Ziel, n\u00e4mlich die Herabsetzung<br \/>\nder Person und Pers\u00f6nlichkeit sowie die Ver\u00e4chtlichmachung von Frau<br \/>\nGanserer und ist damit auch ein Versto\u00df gegen:<\/p>\n<p>Ziffer 9 &#8222;SCHUTZ DER EHRE&#8220;<br \/>\n&#8222;Es widerspricht journalistischer Ethik, mit unangemessenen<br \/>\nDarstellungen in Wort und Bild Menschen in ihrer Ehre zu verletzen.&#8220;<\/p>\n<p>Die Thematisierung der Genitalien in dem zitierten Artikel der &#8222;Emma&#8220;<br \/>\nist v\u00f6llig unangemessen und unangebracht. Wie die &#8222;Emma&#8220; selbst<br \/>\nzitiert, wird an keiner Stelle im Deutschen Recht das juristische<br \/>\nGeschlecht einer Person anhand des Genitals bestimmt. Eine solche<br \/>\nDarstellung im Rahmen des Artikels ist daher allenfalls populistisch,<br \/>\nirref\u00fchrend und insbesondere f\u00fcr trans* Menschen ehrr\u00fchrig.<\/p>\n<p>Ziffer 11.1 &#8222;UNANGEMESSENE DARSTELLUNG&#8220;<br \/>\n&#8222;&#8230; in der Berichterstattung der Mensch zum Objekt, einem blo\u00dfen<br \/>\nMittel, herabgew\u00fcrdigt wird.&#8220;<\/p>\n<p>Durch die Thematisierung des K\u00f6rpers von Frau Ganserer wird sie zum<br \/>\nObjekt herabgesetzt und damit in ihrer Menschenw\u00fcrde angegriffen. Die<br \/>\nThematisierung des K\u00f6rpers und im Besonderen der Genitalien tr\u00e4gt auch<br \/>\nan dieser Stelle in keiner Weise zu irgendeinem Erkenntnisgewinn bei.<br \/>\nEs ist unsachlich, unbegr\u00fcndet und unn\u00f6tig.<\/p>\n<p>Ziffer 12 &#8222;DISKRIMINIERUNGEN&#8220;<br \/>\n&#8222;Niemand darf wegen seines Geschlechts &#8230; diskriminiert werden.&#8220;<\/p>\n<p>Der Artikel setzt Frau Ganserer in eindeutiger Weise wegen Ihres<br \/>\nGeschlechts bzw. ihrer geschlechtlichen Identit\u00e4t herab. Schlimmer<br \/>\nnoch, der Artikel spricht Frau Ganserer durch wiederholte Verwendung<br \/>\ndes Pronomens &#8222;er&#8220; und des abgelegten Vornamens ihr Geschlecht ab.<\/p>\n<p>Hiervon wird aber nicht nur Frau Ganserer direkt betroffen, sondern<br \/>\ntrans* Menschen im Allgemeinen. Im Zusammenhang mit vorangegangenen<br \/>\nArtikeln der Zeitschrift Emma (wie bspw. [2]) zeichnet sich ein Bild<br \/>\neiner recht eindeutigen Menschenfeindlichkeit gegen\u00fcber trans* Menschen<br \/>\nim Allgemeinen, eine sog. gruppenbezogene Menschenfeinlichkeit. Dies<br \/>\nist nicht mehr nur Kritik oder das Aufwerfen von Fragen, sondern es<br \/>\nwerden immer wieder grenzwertige Falschbehauptungen aufgestellt, die<br \/>\nnur ein Ziel haben: Ver\u00e4chtlichmachung von trans* Menschen im<br \/>\nAllgemeinen und trans* Frauen im Besonderen.<\/p>\n<p>Ich fordere Sie daher hiermit auf, diesen Fall, der nicht der erste<br \/>\ndieser Art bei der Zeitschrift &#8222;Emma&#8220; ist, zu pr\u00fcfen. Bitte informieren<br \/>\nSie mich \u00fcber Fortgang und Ergebnis Ihrer Pr\u00fcfungen sowie welche<br \/>\nweiteren Schritte Sie einleiten werden. F\u00fcr R\u00fcckfragen stehe ich Ihnen<br \/>\ngerne zur Verf\u00fcgung.<\/p>\n<p>Vielen Dank!<\/p>\n<p>Mit freundlichen Gr\u00fc\u00dfen<\/p>\n<p>nicole faerber<\/p>\n<p>Referenzen:<\/p>\n<p>[1] Emma, online, Abruf 23. Januar 2022<br \/>\n&#8222;Ganserer: Die Quotenfrau&#8220;, 19. Januar 2022<br \/>\nhttps:\/\/www.emma.de\/artikel\/markus-ganserer-die-quotenfrau-339185<\/p>\n<p>[2] Emma, online, Abruf 23. Januar 2022<br \/>\n&#8222;Gr\u00fcner Mann entlassen!&#8220;, 6. Oktober 2021<br \/>\nhttps:\/\/www.emma.de\/artikel\/gruener-mann-entlassen-338959<\/p>\n<p>[3] Deutscher Bundestag, Abgeordneteninformationen zur Abgeordneten<br \/>\nTessa Ganserer<br \/>\nhttps:\/\/www.bundestag.de\/abgeordnete#url=L2FiZ2VvcmRuZXRlL2Jpb2dyYWZpZW4vRy9nYW5zZXJlcl90ZXNzYS04NjAzMzY=&amp;mod=mod862712&amp;dir=ltr<\/p><\/blockquote>\n<p><strong>Update, 26.4.2022:<\/strong> Der Presserat hat die Beschwerde als unbegr\u00fcndet abgewiesen, <a href=\"https:\/\/www.dpin.de\/nf\/wp-content\/uploads\/sites\/2\/2022\/07\/Entscheidung_0063_22_2-BA.pdf\">hier das PDF<\/a> der Begr\u00fcndung. Einziger Lichtlblibk, in der nichtssagenden Begr\u00fcndung erw\u00e4hnt der Presserat ebenfalls, dass offenbar noch 62 weitere Personen \u00fcber den gleichen Artikel in der Zeitschrift <em>Emma<\/em> beschwert haben. Immerhin.<\/p>\n","protected":false},"excerpt":{"rendered":"<p>Das die Zeitschrift &#8222;Emma&#8222;, unter der F\u00fchrung von Alice Schwarzer, schon l\u00e4nger eher fragw\u00fcrdige Ansichten zum Thema Trans* vertritt, ist nichts Neues. Aktuell zeigt sie aber ihre h\u00e4ssliche und menschenverachtende Fratze auf besonders widerliche Art und Weise. In einem Artikel hetzt die &#8222;Emma&#8220; auf besonders abscheuliche Weise gegen die Bundestagsabgeordnete Frau Tassa Ganserer. Ich habe mich heute deshalb mit einer&#8230; <a href=\"https:\/\/www.dpin.de\/nf\/beschwerde-gegen-zeitschrift-emma\/\">Read more &raquo;<\/a><\/p>\n","protected":false},"author":1,"featured_media":0,"comment_status":"open","ping_status":"closed","sticky":false,"template":"","format":"standard","meta":{"footnotes":""},"categories":[4,6],"tags":[30],"class_list":["post-1950","post","type-post","status-publish","format-standard","hentry","category-politik-gesellschaft","category-trans","tag-trans"],"_links":{"self":[{"href":"https:\/\/www.dpin.de\/nf\/wp-json\/wp\/v2\/posts\/1950","targetHints":{"allow":["GET"]}}],"collection":[{"href":"https:\/\/www.dpin.de\/nf\/wp-json\/wp\/v2\/posts"}],"about":[{"href":"https:\/\/www.dpin.de\/nf\/wp-json\/wp\/v2\/types\/post"}],"author":[{"embeddable":true,"href":"https:\/\/www.dpin.de\/nf\/wp-json\/wp\/v2\/users\/1"}],"replies":[{"embeddable":true,"href":"https:\/\/www.dpin.de\/nf\/wp-json\/wp\/v2\/comments?post=1950"}],"version-history":[{"count":5,"href":"https:\/\/www.dpin.de\/nf\/wp-json\/wp\/v2\/posts\/1950\/revisions"}],"predecessor-version":[{"id":2024,"href":"https:\/\/www.dpin.de\/nf\/wp-json\/wp\/v2\/posts\/1950\/revisions\/2024"}],"wp:attachment":[{"href":"https:\/\/www.dpin.de\/nf\/wp-json\/wp\/v2\/media?parent=1950"}],"wp:term":[{"taxonomy":"category","embeddable":true,"href":"https:\/\/www.dpin.de\/nf\/wp-json\/wp\/v2\/categories?post=1950"},{"taxonomy":"post_tag","embeddable":true,"href":"https:\/\/www.dpin.de\/nf\/wp-json\/wp\/v2\/tags?post=1950"}],"curies":[{"name":"wp","href":"https:\/\/api.w.org\/{rel}","templated":true}]}}