{"id":846,"date":"2016-12-27T12:13:04","date_gmt":"2016-12-27T11:13:04","guid":{"rendered":"http:\/\/nf.dpin.de\/?p=846"},"modified":"2016-12-27T12:13:04","modified_gmt":"2016-12-27T11:13:04","slug":"national-geographic-endlich-mensch","status":"publish","type":"post","link":"https:\/\/www.dpin.de\/nf\/national-geographic-endlich-mensch\/","title":{"rendered":"National Geographic: Endlich Mensch!"},"content":{"rendered":"<div style=\"width: 340px\" class=\"wp-caption alignright\"><img loading=\"lazy\" decoding=\"async\" src=\"http:\/\/www.nationalgeographic.de\/thumbnails\/mainpicture\/84\/61\/03\/nicole-faerber-main-36184.jpg\" width=\"330\" height=\"350\" \/><p class=\"wp-caption-text\">Quelle: National Geographic Deutschland, Bild: Benno Kraehahn<\/p><\/div>\n<p>Nach gut zwei Monaten gemeinsamer Arbeit, erscheint nun eine kleine Reportage \u00fcber mich im Zusammenhang des Sonderhefts &#8222;Gender&#8220; in der deutschen Ausgabe der National Geographic <a href=\"http:\/\/www.nationalgeographic.de\/aktuelles\/aktuelle-ausgabe\" target=\"_blank\">http:\/\/www.nationalgeographic.de\/aktuelles\/aktuelle-ausgabe<\/a><\/p>\n<p>Die Zusammenarbeit war schon eine besondere Erfahrung. An insgesamt drei Tagen unterhielten wir uns sehr intensiv mit der Redakteurin Ines Bellinger, sie machte sich viele Notizen und zeichnete Stunden an Gespr\u00e4chen auf. Wie sie dies in einen Artikel packen k\u00f6nnte, war mir v\u00f6llig schleierhaft. Aber sie hat es gut gemacht!<\/p>\n<p>Nur eine Sache ist etwas daneben gegangen. In das Ende der Artikelentstehung fiel zeitlich auch meine geschlechtsangleichende Operation, die nun auch in dem Artikel erw\u00e4hnt wird, nur leider an zwei Stellen in eher missverst\u00e4ndlichen Zusammenh\u00e4ngen, weshalb ich das gerne hier klarstellen m\u00f6chte.<\/p>\n<h3>Klarstellung &#8211; das Thema Operation<\/h3>\n<p>In der Printausgabe des Heftes beginnt der Artikel mit dem Aufmacher<\/p>\n<blockquote><p>Nicole Faerber wurde als Mann erzogen. Mit 43 Jahren entschied sie sich, als Frau zu leben. Seit einer Operation wei\u00df sie, wie sich das richtige Leben anf\u00fchlt.<\/p><\/blockquote>\n<p>Dieser Aufmacher entstand erst recht sp\u00e4t und ging mir vor viel Text leider etwas durch. Zuerst beschwerte sich zu Recht meine Mutter &#8222;als Mann erzogen&#8220; ist etwas \u00fcbertrieben. Mir wurde keine Rollenerwartungen aufgepr\u00e4gt, mein Elternhaus war schon sehr offen, wenngleich es sicherlich Diskussionen gegeben h\u00e4tte. Aber &#8222;als Mann erzogen&#8220; geht zu weit. Auch &#8222;als Frau zu leben&#8220; war keine Entscheidung und wird leider auch auf Seite 90 im dritten Absatz etwas unklar wiedergegeben. Es gab eine Entscheidung, endlich einen \u00f6ffentlich sichtbaren Wechsel zu machen, ja. Aber dies alles war in seiner Gesamtheit eine &#8222;naturgewaltige Entwicklung&#8220;, praktisch seit meiner Kindheit. Es steckte schon lange, wohl schon immer, in mir und brach sich dann nach 43 Jahren endlich Bahn &#8211; oder besser, ich lie\u00df es endlich zu.<\/p>\n<p>Was leider wirklich falsch dargestellt wird ist &#8222;Seit einer Operation wei\u00df sie, wie sich das richtige Leben anf\u00fchlt.&#8220;. Das ist leider v\u00f6llig schief gegangen! Der wirkliche Wendepunkt\u00a0 in meinem Leben war der Zeitpunkt, an dem ich, zusammen mit Petra, den Entschluss fasste, endlich richtig zu leben, meiner geschlechtlichen Identit\u00e4t entsprechend und das ist, was die meisten wohl als Frau wahrnehmen. Das war bereits 2013, also drei Jahre vor &#8222;der Operation&#8220;. Die geschlechtsangleichende Operation war f\u00fcr mich ein letzter Schritt, sie vervollst\u00e4ndigte, was bereits seit drei Jahren vorhanden und gelebt war. Seit meinem Comin-Out wei\u00df ich, wie sich das richtige Leben anf\u00fchlt &#8211; seit dem bin ich &#8222;Endlich Mensch!&#8220;.<\/p>\n","protected":false},"excerpt":{"rendered":"<p>Nach gut zwei Monaten gemeinsamer Arbeit, erscheint nun eine kleine Reportage \u00fcber mich im Zusammenhang des Sonderhefts &#8222;Gender&#8220; in der deutschen Ausgabe der National Geographic http:\/\/www.nationalgeographic.de\/aktuelles\/aktuelle-ausgabe Die Zusammenarbeit war schon eine besondere Erfahrung. An insgesamt drei Tagen unterhielten wir uns sehr intensiv mit der Redakteurin Ines Bellinger, sie machte sich viele Notizen und zeichnete Stunden an Gespr\u00e4chen auf. Wie sie&#8230; <a href=\"https:\/\/www.dpin.de\/nf\/national-geographic-endlich-mensch\/\">Read more &raquo;<\/a><\/p>\n","protected":false},"author":1,"featured_media":0,"comment_status":"closed","ping_status":"closed","sticky":false,"template":"","format":"standard","meta":{"footnotes":""},"categories":[1,6],"tags":[],"class_list":["post-846","post","type-post","status-publish","format-standard","hentry","category-allgemein","category-trans"],"_links":{"self":[{"href":"https:\/\/www.dpin.de\/nf\/wp-json\/wp\/v2\/posts\/846","targetHints":{"allow":["GET"]}}],"collection":[{"href":"https:\/\/www.dpin.de\/nf\/wp-json\/wp\/v2\/posts"}],"about":[{"href":"https:\/\/www.dpin.de\/nf\/wp-json\/wp\/v2\/types\/post"}],"author":[{"embeddable":true,"href":"https:\/\/www.dpin.de\/nf\/wp-json\/wp\/v2\/users\/1"}],"replies":[{"embeddable":true,"href":"https:\/\/www.dpin.de\/nf\/wp-json\/wp\/v2\/comments?post=846"}],"version-history":[{"count":0,"href":"https:\/\/www.dpin.de\/nf\/wp-json\/wp\/v2\/posts\/846\/revisions"}],"wp:attachment":[{"href":"https:\/\/www.dpin.de\/nf\/wp-json\/wp\/v2\/media?parent=846"}],"wp:term":[{"taxonomy":"category","embeddable":true,"href":"https:\/\/www.dpin.de\/nf\/wp-json\/wp\/v2\/categories?post=846"},{"taxonomy":"post_tag","embeddable":true,"href":"https:\/\/www.dpin.de\/nf\/wp-json\/wp\/v2\/tags?post=846"}],"curies":[{"name":"wp","href":"https:\/\/api.w.org\/{rel}","templated":true}]}}